{"id":630,"date":"2026-02-06T15:25:48","date_gmt":"2026-02-06T14:25:48","guid":{"rendered":"https:\/\/www.zeropfas-italia.org\/?p=630"},"modified":"2026-02-06T15:29:55","modified_gmt":"2026-02-06T14:29:55","slug":"veneto-bonifica-miteni-a-vicenza-presidio-silenzioso-in-occasione-della-conferenza-dei-servizi","status":"publish","type":"post","link":"https:\/\/www.zeropfas-italia.org\/?p=630","title":{"rendered":"Veneto | Bonifica Miteni: a Vicenza presidio silenzioso in occasione della Conferenza dei Servizi"},"content":{"rendered":"\n<p>Gioved\u00ec 4 febbraio al mattino, presso la sede ARPAV di Vicenza, si \u00e8 svolta la Conferenza dei servizi relativa alla bonifica Miteni.<\/p>\n\n\n\n<figure class=\"wp-block-image size-large is-resized\"><img loading=\"lazy\" decoding=\"async\" width=\"1024\" height=\"768\" src=\"https:\/\/www.zeropfas-italia.org\/wp-content\/uploads\/2026\/02\/WhatsApp-Image-2026-02-06-at-14.41.54-1024x768.jpeg\" alt=\"\" class=\"wp-image-633\" style=\"width:512px;height:auto\" srcset=\"https:\/\/www.zeropfas-italia.org\/wp-content\/uploads\/2026\/02\/WhatsApp-Image-2026-02-06-at-14.41.54-1024x768.jpeg 1024w, https:\/\/www.zeropfas-italia.org\/wp-content\/uploads\/2026\/02\/WhatsApp-Image-2026-02-06-at-14.41.54-300x225.jpeg 300w, https:\/\/www.zeropfas-italia.org\/wp-content\/uploads\/2026\/02\/WhatsApp-Image-2026-02-06-at-14.41.54-768x576.jpeg 768w, https:\/\/www.zeropfas-italia.org\/wp-content\/uploads\/2026\/02\/WhatsApp-Image-2026-02-06-at-14.41.54-1536x1152.jpeg 1536w, https:\/\/www.zeropfas-italia.org\/wp-content\/uploads\/2026\/02\/WhatsApp-Image-2026-02-06-at-14.41.54.jpeg 1600w\" sizes=\"auto, (max-width: 1024px) 100vw, 1024px\" \/><\/figure>\n\n\n\n<p><strong>Rete Zero Pfas<\/strong> ha partecipato al presidio silenzioso e pacifico organizzato davanti alla sede ARPAV dalle realt\u00e0 firmatarie del <strong><a href=\"https:\/\/legambienteveneto.it\/nasce-il-patto-di-comunita-per-la-bonifica-del-sito-ex-miteni-di-trissino-vi\/\" title=\"\">Patto di Comunit\u00e0<\/a><\/strong> (ACLI, Azione Cattolica Italia, AGESCI, ARCI, Legambiente, Libera, Mamme No Pfas, Acqua Bene Comune Vicenza, CGIL Veneto, ISDE, Italia Nostra Sezione Medio Basso Vicentino, Medicina Democratica e Rete Zero Pfas Veneto).<\/p>\n\n\n\n<p>Michela Piccoli (Mamme No Pfas) e Valeria Bolla (Italia Nostra) sono state audite in aula in qualit\u00e0 di delegate delle associazioni e dei comitati, avendo cos\u00ec modo di ribadire con determinazione e chiarezza la richiesta di bonifica della Miteni. Dopodich\u00e9, le delegate sono state invitate ad uscire dall&#8217;aula, senza poter assistere come uditori allo svolgimento della Conferenza, contrariamente a quanto dichiarato nei <strong>comunicati veicolati alla stampa<\/strong> (<a href=\"https:\/\/www.lapiazzaweb.it\/news\/attualita\/603371\/bonifica-ex-miteni-le-associazioni-chiedono-partecipazione-stabile-alle-conferenze-dei-servizi.html\" title=\"\">comunicato 1<\/a>, <a href=\"https:\/\/www.vipiu.it\/leggi\/bonifica-ex-miteni-trissino-pfas-partecipazione-associazioni\/\" title=\"\">comunicato 2<\/a>) <\/p>\n\n\n\n<figure class=\"wp-block-image size-full\"><img loading=\"lazy\" decoding=\"async\" width=\"686\" height=\"386\" src=\"https:\/\/www.zeropfas-italia.org\/wp-content\/uploads\/2026\/02\/image.png\" alt=\"\" class=\"wp-image-631\" srcset=\"https:\/\/www.zeropfas-italia.org\/wp-content\/uploads\/2026\/02\/image.png 686w, https:\/\/www.zeropfas-italia.org\/wp-content\/uploads\/2026\/02\/image-300x169.png 300w\" sizes=\"auto, (max-width: 686px) 100vw, 686px\" \/><\/figure>\n\n\n\n<p><strong><a href=\"https:\/\/antennatre.medianordest.it\/169405\/vicenza-progetto-bonifica-miteni-allarpav-le-mamme-no-pfas-seguiremo-tutto-liter\/?noamp=mobile\" title=\"\">Qui le dichiarazioni di Michela Piccoli<\/a><\/strong> rilasciate ai microfoni di Antenna Tre.<\/p>\n\n\n\n<p><\/p>\n","protected":false},"excerpt":{"rendered":"<p>Gioved\u00ec 4 febbraio al mattino, presso la sede ARPAV di Vicenza, si \u00e8 svolta la Conferenza dei servizi relativa alla bonifica Miteni. Rete Zero Pfas ha partecipato al presidio silenzioso e pacifico organizzato davanti&#46;&#46;&#46;<\/p>\n","protected":false},"author":2,"featured_media":634,"comment_status":"open","ping_status":"open","sticky":false,"template":"","format":"standard","meta":{"om_disable_all_campaigns":false,"_monsterinsights_skip_tracking":false,"_monsterinsights_sitenote_active":false,"_monsterinsights_sitenote_note":"","_monsterinsights_sitenote_category":0,"footnotes":""},"categories":[10],"tags":[],"class_list":["post-630","post","type-post","status-publish","format-standard","has-post-thumbnail","hentry","category-articoli"],"aioseo_notices":[],"publishpress_future_action":{"enabled":false,"date":"2026-05-07 15:07:28","action":"change-status","newStatus":"draft","terms":[],"taxonomy":"category","extraData":[]},"publishpress_future_workflow_manual_trigger":{"enabledWorkflows":[]},"_links":{"self":[{"href":"https:\/\/www.zeropfas-italia.org\/index.php?rest_route=\/wp\/v2\/posts\/630","targetHints":{"allow":["GET"]}}],"collection":[{"href":"https:\/\/www.zeropfas-italia.org\/index.php?rest_route=\/wp\/v2\/posts"}],"about":[{"href":"https:\/\/www.zeropfas-italia.org\/index.php?rest_route=\/wp\/v2\/types\/post"}],"author":[{"embeddable":true,"href":"https:\/\/www.zeropfas-italia.org\/index.php?rest_route=\/wp\/v2\/users\/2"}],"replies":[{"embeddable":true,"href":"https:\/\/www.zeropfas-italia.org\/index.php?rest_route=%2Fwp%2Fv2%2Fcomments&post=630"}],"version-history":[{"count":2,"href":"https:\/\/www.zeropfas-italia.org\/index.php?rest_route=\/wp\/v2\/posts\/630\/revisions"}],"predecessor-version":[{"id":637,"href":"https:\/\/www.zeropfas-italia.org\/index.php?rest_route=\/wp\/v2\/posts\/630\/revisions\/637"}],"wp:featuredmedia":[{"embeddable":true,"href":"https:\/\/www.zeropfas-italia.org\/index.php?rest_route=\/wp\/v2\/media\/634"}],"wp:attachment":[{"href":"https:\/\/www.zeropfas-italia.org\/index.php?rest_route=%2Fwp%2Fv2%2Fmedia&parent=630"}],"wp:term":[{"taxonomy":"category","embeddable":true,"href":"https:\/\/www.zeropfas-italia.org\/index.php?rest_route=%2Fwp%2Fv2%2Fcategories&post=630"},{"taxonomy":"post_tag","embeddable":true,"href":"https:\/\/www.zeropfas-italia.org\/index.php?rest_route=%2Fwp%2Fv2%2Ftags&post=630"}],"curies":[{"name":"wp","href":"https:\/\/api.w.org\/{rel}","templated":true}]}}