{"id":751,"date":"2026-03-07T17:05:37","date_gmt":"2026-03-07T16:05:37","guid":{"rendered":"https:\/\/www.zeropfas-italia.org\/?p=751"},"modified":"2026-03-07T17:14:08","modified_gmt":"2026-03-07T16:14:08","slug":"rete-zero-pfas-bruxelles-3-4-e-5-marzo-2026","status":"publish","type":"post","link":"https:\/\/www.zeropfas-italia.org\/?p=751","title":{"rendered":"Rete Zero Pfas. Bruxelles 3, 4 e 5 marzo 2026"},"content":{"rendered":"\n<figure class=\"wp-block-image size-large is-resized\"><img decoding=\"async\" src=\"https:\/\/www.zeropfas-italia.org\/wp-content\/uploads\/2026\/03\/WhatsApp-Image-2026-03-04-at-09.01.43-1-769x1024.jpeg\" alt=\"\" class=\"wp-image-752\" style=\"aspect-ratio:0.7509854851031321;width:417px;height:auto\"\/><\/figure>\n\n\n\n<p><\/p>\n\n\n\n<blockquote class=\"wp-block-quote is-layout-flow wp-block-quote-is-layout-flow\">\n<h2 class=\"wp-block-heading\">In Viaggio per Bruxelles, il sole ci ha accompagnate portando luce ed entusiasmo.<\/h2>\n<\/blockquote>\n\n\n\n<p>In questi momenti anche il Tempo deve fare la sua parte. Giornate intense. Ci siamo divise in gruppi in modo da poter seguire pi\u00f9 incontri possibili ed incontrare pi\u00f9 europarlamentari in contemporanea. Tutto questo \u00e8 stato possibile grazie all\u2019EEB (European Environmental Bureau) la pi\u00f9 grande rete Europea di organizzazioni ambientaliste che sta lavorando per arrivare al divieto globale e universale dei Pfas e l&#8217;eurodeputata di EV <strong><em>Cristina Guarda<\/em><\/strong>, nostra concittadina e madre, come noi.<\/p>\n\n\n\n<blockquote class=\"wp-block-quote is-layout-flow wp-block-quote-is-layout-flow\">\n<h2 class=\"wp-block-heading\">Il convegno al Parlamento europeo<\/h2>\n<\/blockquote>\n\n\n\n<figure class=\"wp-block-image size-large\"><img loading=\"lazy\" decoding=\"async\" width=\"1024\" height=\"472\" src=\"https:\/\/www.zeropfas-italia.org\/wp-content\/uploads\/2026\/03\/WhatsApp-Image-2026-03-05-at-19.41.16-1024x472.jpeg\" alt=\"\" class=\"wp-image-753\" srcset=\"https:\/\/www.zeropfas-italia.org\/wp-content\/uploads\/2026\/03\/WhatsApp-Image-2026-03-05-at-19.41.16-1024x472.jpeg 1024w, https:\/\/www.zeropfas-italia.org\/wp-content\/uploads\/2026\/03\/WhatsApp-Image-2026-03-05-at-19.41.16-300x138.jpeg 300w, https:\/\/www.zeropfas-italia.org\/wp-content\/uploads\/2026\/03\/WhatsApp-Image-2026-03-05-at-19.41.16-768x354.jpeg 768w, https:\/\/www.zeropfas-italia.org\/wp-content\/uploads\/2026\/03\/WhatsApp-Image-2026-03-05-at-19.41.16-1536x708.jpeg 1536w, https:\/\/www.zeropfas-italia.org\/wp-content\/uploads\/2026\/03\/WhatsApp-Image-2026-03-05-at-19.41.16.jpeg 1600w\" sizes=\"auto, (max-width: 1024px) 100vw, 1024px\" \/><\/figure>\n\n\n\n<p><\/p>\n\n\n\n<p>Sembra inverosimile ascoltare i pi\u00f9 grandi esperti del mondo in tema Pfas per poi scontrarsi con la paradossale impreparazione e &#8220;non conoscenza&#8221; di una fetta enorme della politica. Quando una persona \u00e8 realmente interessata al bene della sua gente, lo senti a pelle e frasi \u201cfatte\u201d o di circostanza come : \u201ctuteliamo, si, ma, per\u00f2, non so&#8230;\u201d, ti lasciano un\u2019ombra di tristezza dentro, che ti spinge ad impegnarci ancora di pi\u00f9, perch\u00e9 c\u2019\u00e8 tanto lavoro da fare. Sensibilizzare, far conoscere il problema a chi purtroppo ha ancora un campo visivo ristretto e miope. La nostra esperienza la portiamo e la condividiamo per costruire insieme.<\/p>\n\n\n\n<blockquote class=\"wp-block-quote is-layout-flow wp-block-quote-is-layout-flow\">\n<h2 class=\"wp-block-heading\">Voci fuori dal coro<\/h2>\n<\/blockquote>\n\n\n\n<p>Fondamentali le testimonianze del professor <em><strong>Philippe Grandjean<\/strong><\/em>, <strong><em>Hans Peter Arp<\/em><\/strong>, <strong><em>Paul Speight<\/em><\/strong>, l\u2019avvocato <strong><em>Robert Billot <\/em><\/strong>e le giuriste ambientali <strong><em>Claudia Marcolungo<\/em><\/strong>, <strong><em>Isabella Larmuseau<\/em><\/strong>, <strong><em>Jessica Schuldt<\/em><\/strong>, <strong><em>Nienke Blauw<\/em><\/strong> ed <strong><em>Emma Feyeux <\/em><\/strong>che si impegnano da molti anni.<\/p>\n\n\n\n<p>Importante la testimonianza del fratello indiano <strong><em>Varrun Sukhraj<\/em><\/strong>, giornalista che ha portato all\u2019attenzione pubblica il tema Pfas dopo il trasferimento degli impianti dell\u2019ex Miteni di Trissino nel Maharashtra, regione di Lote (MIDC) a 200 km da Mumbay.<\/p>\n\n\n\n<p>Avanti sempre!<\/p>\n\n\n\n<blockquote class=\"wp-block-quote is-layout-flow wp-block-quote-is-layout-flow\">\n<h2 class=\"wp-block-heading\">Una soluzione \u00e8 possibile<\/h2>\n<\/blockquote>\n\n\n\n<p>I sostituti dei pfas esistono e sono validi! Questo \u00e8 quanto emerso durante l\u2019incontro con <strong>EuChems<\/strong> (European Chemical Society) organizzato dall\u2019Eurodeputato <strong><em>Dimitris Tsiodras<\/em><\/strong>.<\/p>\n\n\n\n<p>\u00c8 emerso in maniera evidente che i costi legati ai danni sanitari ed ambientali a causa di questi Pfas ricadono sui governi e quindi sui cittadini e sono insostenibili. Le aziende chimiche non sono propense ad eliminare le produzioni, ma le Mamme NO Pfas li aiuteranno e li spingeranno a muoversi pi\u00f9 in fretta di quello che pensano!<\/p>\n\n\n\n<blockquote class=\"wp-block-quote is-layout-flow wp-block-quote-is-layout-flow\">\n<h2 class=\"wp-block-heading\">Incontri con gli eurodeputati<\/h2>\n<\/blockquote>\n\n\n\n<figure class=\"wp-block-image size-large is-resized\"><img loading=\"lazy\" decoding=\"async\" width=\"1024\" height=\"472\" src=\"https:\/\/www.zeropfas-italia.org\/wp-content\/uploads\/2026\/03\/WhatsApp-Image-2026-03-05-at-19.41.15-1024x472.jpeg\" alt=\"\" class=\"wp-image-754\" style=\"aspect-ratio:2.169554816500379;width:764px;height:auto\" srcset=\"https:\/\/www.zeropfas-italia.org\/wp-content\/uploads\/2026\/03\/WhatsApp-Image-2026-03-05-at-19.41.15-1024x472.jpeg 1024w, https:\/\/www.zeropfas-italia.org\/wp-content\/uploads\/2026\/03\/WhatsApp-Image-2026-03-05-at-19.41.15-300x138.jpeg 300w, https:\/\/www.zeropfas-italia.org\/wp-content\/uploads\/2026\/03\/WhatsApp-Image-2026-03-05-at-19.41.15-768x354.jpeg 768w, https:\/\/www.zeropfas-italia.org\/wp-content\/uploads\/2026\/03\/WhatsApp-Image-2026-03-05-at-19.41.15-1536x708.jpeg 1536w, https:\/\/www.zeropfas-italia.org\/wp-content\/uploads\/2026\/03\/WhatsApp-Image-2026-03-05-at-19.41.15.jpeg 1600w\" sizes=\"auto, (max-width: 1024px) 100vw, 1024px\" \/><\/figure>\n\n\n\n<p><\/p>\n\n\n\n<p>Alcuni europarlamentari ci hanno accolte e ascoltate con grande attenzione ed interesse, altri hanno finto di non esserci, altri impegnati, altri indaffarati, tutto normale ci dispiace perch\u00e9 hanno perso un\u2019occasione importante, la rete dei cittadini di sei regioni Italiane non vanno in parlamento tutti giorni, abbiamo regalato loro giorni di ferie, permessi, tempo sottratto alla nostra famiglia\u2026<\/p>\n\n\n\n<blockquote class=\"wp-block-quote is-layout-flow wp-block-quote-is-layout-flow\">\n<h2 class=\"wp-block-heading\">Le Mamme No Pfas per l\u2019India<\/h2>\n<\/blockquote>\n\n\n\n<p>Come madri e cittadine del Veneto abbiamo promesso a noi stesse che inseguiremo le aziende chimiche e che informeremo le popolazioni <strong>perch\u00e9 non esistono Paesi diversi ma figli in comune<\/strong>. <\/p>\n\n\n\n<p>Domenica 8 Marzo incontreremo la comunit\u00e0 indiana che vive in Italia a Lonigo in provincia di Vicenza, come simbolo di fratellanza nei confronti delle popolazioni colpite dall\u2019inquinamento della \u201cgemella di Miteni\u201d di oggi: la Laxmi Organic industries.<\/p>\n\n\n\n<p>L\u2019acqua non ha bandiera politica, la terra non ha stemmi, l\u2019aria entra nei polmoni di ogni uomo. Ad ogni singola persona che fa parte di questo Pianeta serve cuore e coraggio per difendere la vita.<\/p>\n\n\n\n<figure class=\"wp-block-image size-large\"><img loading=\"lazy\" decoding=\"async\" width=\"1024\" height=\"576\" src=\"https:\/\/www.zeropfas-italia.org\/wp-content\/uploads\/2026\/03\/WhatsApp-Image-2026-03-04-at-09.01.42-1-1024x576.jpeg\" alt=\"\" class=\"wp-image-755\" srcset=\"https:\/\/www.zeropfas-italia.org\/wp-content\/uploads\/2026\/03\/WhatsApp-Image-2026-03-04-at-09.01.42-1-1024x576.jpeg 1024w, https:\/\/www.zeropfas-italia.org\/wp-content\/uploads\/2026\/03\/WhatsApp-Image-2026-03-04-at-09.01.42-1-300x169.jpeg 300w, https:\/\/www.zeropfas-italia.org\/wp-content\/uploads\/2026\/03\/WhatsApp-Image-2026-03-04-at-09.01.42-1-768x432.jpeg 768w, https:\/\/www.zeropfas-italia.org\/wp-content\/uploads\/2026\/03\/WhatsApp-Image-2026-03-04-at-09.01.42-1-1536x864.jpeg 1536w, https:\/\/www.zeropfas-italia.org\/wp-content\/uploads\/2026\/03\/WhatsApp-Image-2026-03-04-at-09.01.42-1.jpeg 1600w\" sizes=\"auto, (max-width: 1024px) 100vw, 1024px\" \/><\/figure>\n\n\n\n<blockquote class=\"wp-block-quote is-layout-flow wp-block-quote-is-layout-flow\">\n<p><\/p>\n\n\n\n<h2 class=\"wp-block-heading\">Perch\u00e9 fare Rete<\/h2>\n<\/blockquote>\n\n\n\n<p>Fare Rete con tutte le associazioni e comitati di cittadini vittime dell\u2019inquinamento da Pfas \u00e8 fondamentale e indispensabile: condividere informazioni, documenti ed esperienze rende tutto pi\u00f9 semplice e i numerosi contenziosi legali in corso in Italia, Francia, Belgio, Danimarca e Germania indeboliscono i colossi della chimica.<\/p>\n\n\n\n<p>Li ho guardati pensando che anche loro erano bambini e che anche loro hanno tradito i loro sogni pi\u00f9 puri a cui ogni essere umano aspira nel proprio cuore. Ho provato compassione per quei fanciulli vittime di s\u00e8 stesse.<\/p>\n\n\n\n<p>Ricordiamoci che i Pfas sono anche un ingrediente essenziale per la produzione delle armi e parlare di questo in questo momento storico \u00e8 doveroso. I Pfas distruggono l\u2019ambiente e la salute, sia in modo invisibile, aggredendo subdolamente il nostro organismo con patologie e le matrici di aria acqua e terra, sia in modo visibile e terrificante come nelle guerre.<\/p>\n\n\n\n<p><em><strong>Michela Piccoli<\/strong><\/em><\/p>\n\n\n\n<figure class=\"wp-block-image size-large\"><img loading=\"lazy\" decoding=\"async\" width=\"1024\" height=\"576\" src=\"https:\/\/www.zeropfas-italia.org\/wp-content\/uploads\/2026\/03\/WhatsApp-Image-2026-03-05-at-10.18.56-3-1024x576.jpeg\" alt=\"\" class=\"wp-image-756\" srcset=\"https:\/\/www.zeropfas-italia.org\/wp-content\/uploads\/2026\/03\/WhatsApp-Image-2026-03-05-at-10.18.56-3-1024x576.jpeg 1024w, https:\/\/www.zeropfas-italia.org\/wp-content\/uploads\/2026\/03\/WhatsApp-Image-2026-03-05-at-10.18.56-3-300x169.jpeg 300w, https:\/\/www.zeropfas-italia.org\/wp-content\/uploads\/2026\/03\/WhatsApp-Image-2026-03-05-at-10.18.56-3-768x432.jpeg 768w, https:\/\/www.zeropfas-italia.org\/wp-content\/uploads\/2026\/03\/WhatsApp-Image-2026-03-05-at-10.18.56-3-1536x864.jpeg 1536w, https:\/\/www.zeropfas-italia.org\/wp-content\/uploads\/2026\/03\/WhatsApp-Image-2026-03-05-at-10.18.56-3.jpeg 1600w\" sizes=\"auto, (max-width: 1024px) 100vw, 1024px\" \/><\/figure>\n","protected":false},"excerpt":{"rendered":"<p>In Viaggio per Bruxelles, il sole ci ha accompagnate portando luce ed entusiasmo. In questi momenti anche il Tempo deve fare la sua parte. Giornate intense. Ci siamo divise in gruppi in modo da&#46;&#46;&#46;<\/p>\n","protected":false},"author":2,"featured_media":752,"comment_status":"open","ping_status":"open","sticky":false,"template":"","format":"standard","meta":{"om_disable_all_campaigns":false,"_monsterinsights_skip_tracking":false,"_monsterinsights_sitenote_active":false,"_monsterinsights_sitenote_note":"","_monsterinsights_sitenote_category":0,"footnotes":""},"categories":[13],"tags":[],"class_list":["post-751","post","type-post","status-publish","format-standard","has-post-thumbnail","hentry","category-commenti"],"aioseo_notices":[],"publishpress_future_action":{"enabled":false,"date":"2026-05-07 14:50:44","action":"change-status","newStatus":"draft","terms":[],"taxonomy":"category","extraData":[]},"publishpress_future_workflow_manual_trigger":{"enabledWorkflows":[]},"_links":{"self":[{"href":"https:\/\/www.zeropfas-italia.org\/index.php?rest_route=\/wp\/v2\/posts\/751","targetHints":{"allow":["GET"]}}],"collection":[{"href":"https:\/\/www.zeropfas-italia.org\/index.php?rest_route=\/wp\/v2\/posts"}],"about":[{"href":"https:\/\/www.zeropfas-italia.org\/index.php?rest_route=\/wp\/v2\/types\/post"}],"author":[{"embeddable":true,"href":"https:\/\/www.zeropfas-italia.org\/index.php?rest_route=\/wp\/v2\/users\/2"}],"replies":[{"embeddable":true,"href":"https:\/\/www.zeropfas-italia.org\/index.php?rest_route=%2Fwp%2Fv2%2Fcomments&post=751"}],"version-history":[{"count":8,"href":"https:\/\/www.zeropfas-italia.org\/index.php?rest_route=\/wp\/v2\/posts\/751\/revisions"}],"predecessor-version":[{"id":768,"href":"https:\/\/www.zeropfas-italia.org\/index.php?rest_route=\/wp\/v2\/posts\/751\/revisions\/768"}],"wp:featuredmedia":[{"embeddable":true,"href":"https:\/\/www.zeropfas-italia.org\/index.php?rest_route=\/wp\/v2\/media\/752"}],"wp:attachment":[{"href":"https:\/\/www.zeropfas-italia.org\/index.php?rest_route=%2Fwp%2Fv2%2Fmedia&parent=751"}],"wp:term":[{"taxonomy":"category","embeddable":true,"href":"https:\/\/www.zeropfas-italia.org\/index.php?rest_route=%2Fwp%2Fv2%2Fcategories&post=751"},{"taxonomy":"post_tag","embeddable":true,"href":"https:\/\/www.zeropfas-italia.org\/index.php?rest_route=%2Fwp%2Fv2%2Ftags&post=751"}],"curies":[{"name":"wp","href":"https:\/\/api.w.org\/{rel}","templated":true}]}}