{"id":789,"date":"2026-03-11T21:11:54","date_gmt":"2026-03-11T20:11:54","guid":{"rendered":"https:\/\/www.zeropfas-italia.org\/?p=789"},"modified":"2026-03-11T21:12:27","modified_gmt":"2026-03-11T20:12:27","slug":"la-risposta-della-commissione-europea-alla-richiesta-di-incontro-della-european-environmental-bureau","status":"publish","type":"post","link":"https:\/\/www.zeropfas-italia.org\/?p=789","title":{"rendered":"La risposta della Commissione Europea alla richiesta di incontro della European Environmental Bureau"},"content":{"rendered":"\n<p>La spedizione a Bruxelles delle Mamme No Pfas e dei rappresentanti delle altre associazioni e comitati italiani ed europei aderenti all&#8217;EEB (European Environmental Bureau) che abbiamo documentato in questo blog ha vissuto uno dei momenti pi\u00f9 importanti con il presidio svolto davanti al palazzo della Commissione Europea; la richiesta di incontro con la Presidente della Commissione Europea Ursula von der Leyen <a href=\"https:\/\/www.zeropfas-italia.org\/2026\/03\/05\/pfas-il-grido-delle-mamme-arriva-a-bruxelles-von-der-leyen-sei-madre-anche-tu-ma-lincontro-viene-negato\/\" title=\"\">\u00e8 stata negata <\/a>, ma \u00e8 arrivata ora una lettera di risposta che condividiamo e di cui pubblichiamo la traduzione in italiano.<\/p>\n\n\n\n<div class=\"wp-block-pdf-viewer-block-standard\" style=\"text-align:left\"><div class=\"uploaded-pdf\"><a href=\"https:\/\/www.zeropfas-italia.org\/wp-content\/uploads\/2026\/03\/20260227_Reply-to-EEB_Ares.pdf\" data-width=\"\" data-height=\"\"><\/a><\/div><\/div>\n\n\n\n<p>Traduzione<\/p>\n\n\n\n<p id=\"p-rc_8fdd878bfa41d2e8-88\"><strong>Riferimento Documento:<\/strong> Ares (2026)2535863 <sup><\/sup><\/p>\n\n\n\n<p id=\"p-rc_8fdd878bfa41d2e8-89\"><strong>Data:<\/strong> 09\/03\/2026 <sup><\/sup><\/p>\n\n\n\n<p id=\"p-rc_8fdd878bfa41d2e8-90\"><strong>Mittente:<\/strong> Commissione Europea <sup><\/sup>, Direzione Generale Ambiente <sup><\/sup>e Direzione Generale per il Mercato Interno, l&#8217;Industria, l&#8217;Imprenditorialit\u00e0 e le PMI<sup><\/sup>.<\/p>\n\n\n\n<p id=\"p-rc_8fdd878bfa41d2e8-91\"><strong>Oggetto:<\/strong> Inquinamento da PFAS: risposta delle comunit\u00e0 colpite alla nostra richiesta di azione e dialogo<sup><\/sup>.<\/p>\n\n\n\n<p id=\"p-rc_8fdd878bfa41d2e8-92\">Gentile Sig. ten Brink, Gentile Sig.ra Heidegger, <sup><\/sup><\/p>\n\n\n\n<p id=\"p-rc_8fdd878bfa41d2e8-93\">Vi ringraziamo per la vostra lettera del 29 gennaio 2026 indirizzata alla Presidente von der Leyen, nella quale esprimete le vostre preoccupazioni circa l&#8217;inquinamento diffuso causato dalle sostanze per- e polifluoroalchiliche (PFAS) nell&#8217;UE<sup><\/sup>. La Presidente ci ha chiesto di rispondere a suo nome<sup><\/sup>.<\/p>\n\n\n\n<p id=\"p-rc_8fdd878bfa41d2e8-94\">La Commissione Europea condivide la vostra preoccupazione per i rischi posti dai PFAS alla salute umana e all&#8217;ambiente, ed \u00e8 impegnata ad affrontarli in modo tempestivo ed efficace<sup><\/sup>. Ridurre l&#8217;esposizione a queste sostanze \u00e8 una priorit\u00e0 chiave per la Commissione<sup><\/sup>.<\/p>\n\n\n\n<p>Come precedentemente menzionato, l&#8217;agenda della Presidente \u00e8 stata incredibilmente fitta e, sfortunatamente, non \u00e8 stato ancora possibile organizzare un incontro con le comunit\u00e0 colpite. Sebbene un incontro con la Presidente non sia stato fattibile, abbiamo lavorato attivamente a iniziative per affrontare la contaminazione da PFAS e mitigarne l&#8217;impatto.<\/p>\n\n\n\n<p>La Commissione ha gi\u00e0 adottato misure, vietando ad esempio l&#8217;acido perfluoroesanoico (PFHxA) in una serie di prodotti di consumo e proibendo l&#8217;uso di tutti i PFAS nelle schiume antincendio. Molti PFAS sono in fase di eliminazione o sono vietati in fonti di esposizione chiave come imballaggi alimentari, giocattoli e alcuni pesticidi. La Commissione affronter\u00e0 la questione dei PFAS nell&#8217;aria, nell&#8217;acqua e nel suolo attraverso il monitoraggio dell&#8217;acqua potabile, delle acque superficiali e sotterranee, del suolo e delle emissioni industriali. Sono previsti obblighi di bonifica laddove i limiti vengano superati.<\/p>\n\n\n\n<p>Un fascicolo completo di restrizione sui PFAS, presentato da Germania, Danimarca, Svezia, Norvegia e Paesi Bassi, \u00e8 attualmente in fase di valutazione da parte dell&#8217;Agenzia Europea per le Sostanze Chimiche (ECHA). La Commissione proporr\u00e0 una restrizione non appena ricever\u00e0 i pareri scientifici dell&#8217;ECHA, previsti per la seconda met\u00e0 del 2026. Si valuter\u00e0 il divieto dei PFAS in prodotti come cosmetici, materiali a contatto con gli alimenti e abbigliamento per esterni. Saranno consentiti solo alcuni usi industriali critici fino alla disponibilit\u00e0 di alternative, sotto stretti controlli delle emissioni e dei requisiti di smaltimento.<\/p>\n\n\n\n<p>Verr\u00e0 istituito un quadro di monitoraggio a livello UE per condividere le migliori pratiche sulla bonifica e migliorare la disponibilit\u00e0 dei dati. Nel 2026 verr\u00e0 lanciato un dialogo dedicato alle parti interessate sulle sfide legate ai PFAS, a cui l&#8217;European Environmental Bureau sar\u00e0 invitato a partecipare. La Commissione \u00e8 pronta a proporre un&#8217;iniziativa pubblico-privata per sostenere innovazioni tecnologiche nei metodi di rilevamento e bonifica. Il Commissario Roswall ha incontrato le comunit\u00e0 colpite in diverse occasioni, a testimonianza dell&#8217;importanza attribuita alle loro preoccupazioni.<\/p>\n\n\n\n<p id=\"p-rc_8fdd878bfa41d2e8-109\">Siamo aperti a continuare a collaborare con la vostra organizzazione e con le comunit\u00e0 colpite per raccogliere i vostri utili contributi<sup><\/sup>.<\/p>\n\n\n\n<p id=\"p-rc_8fdd878bfa41d2e8-110\">Distinti saluti, <sup><\/sup><\/p>\n\n\n\n<p id=\"p-rc_8fdd878bfa41d2e8-111\"><strong>Patrick CHILD (DG ENV)<\/strong> <sup><\/sup><\/p>\n\n\n\n<p id=\"p-rc_8fdd878bfa41d2e8-112\"><strong>Val\u00e8re MOUTARLIER (DG GROW)<\/strong> <sup><\/sup><\/p>\n","protected":false},"excerpt":{"rendered":"<p>La spedizione a Bruxelles delle Mamme No Pfas e dei rappresentanti delle altre associazioni e comitati italiani ed europei aderenti all&#8217;EEB (European Environmental Bureau) che abbiamo documentato in questo blog ha vissuto uno dei&#46;&#46;&#46;<\/p>\n","protected":false},"author":2,"featured_media":795,"comment_status":"open","ping_status":"open","sticky":false,"template":"","format":"standard","meta":{"om_disable_all_campaigns":false,"_monsterinsights_skip_tracking":false,"_monsterinsights_sitenote_active":false,"_monsterinsights_sitenote_note":"","_monsterinsights_sitenote_category":0,"footnotes":""},"categories":[10,9],"tags":[],"class_list":["post-789","post","type-post","status-publish","format-standard","has-post-thumbnail","hentry","category-articoli","category-comunicati"],"aioseo_notices":[],"publishpress_future_action":{"enabled":false,"date":"2026-05-07 14:50:17","action":"change-status","newStatus":"draft","terms":[],"taxonomy":"category","extraData":[]},"publishpress_future_workflow_manual_trigger":{"enabledWorkflows":[]},"_links":{"self":[{"href":"https:\/\/www.zeropfas-italia.org\/index.php?rest_route=\/wp\/v2\/posts\/789","targetHints":{"allow":["GET"]}}],"collection":[{"href":"https:\/\/www.zeropfas-italia.org\/index.php?rest_route=\/wp\/v2\/posts"}],"about":[{"href":"https:\/\/www.zeropfas-italia.org\/index.php?rest_route=\/wp\/v2\/types\/post"}],"author":[{"embeddable":true,"href":"https:\/\/www.zeropfas-italia.org\/index.php?rest_route=\/wp\/v2\/users\/2"}],"replies":[{"embeddable":true,"href":"https:\/\/www.zeropfas-italia.org\/index.php?rest_route=%2Fwp%2Fv2%2Fcomments&post=789"}],"version-history":[{"count":4,"href":"https:\/\/www.zeropfas-italia.org\/index.php?rest_route=\/wp\/v2\/posts\/789\/revisions"}],"predecessor-version":[{"id":794,"href":"https:\/\/www.zeropfas-italia.org\/index.php?rest_route=\/wp\/v2\/posts\/789\/revisions\/794"}],"wp:featuredmedia":[{"embeddable":true,"href":"https:\/\/www.zeropfas-italia.org\/index.php?rest_route=\/wp\/v2\/media\/795"}],"wp:attachment":[{"href":"https:\/\/www.zeropfas-italia.org\/index.php?rest_route=%2Fwp%2Fv2%2Fmedia&parent=789"}],"wp:term":[{"taxonomy":"category","embeddable":true,"href":"https:\/\/www.zeropfas-italia.org\/index.php?rest_route=%2Fwp%2Fv2%2Fcategories&post=789"},{"taxonomy":"post_tag","embeddable":true,"href":"https:\/\/www.zeropfas-italia.org\/index.php?rest_route=%2Fwp%2Fv2%2Ftags&post=789"}],"curies":[{"name":"wp","href":"https:\/\/api.w.org\/{rel}","templated":true}]}}